{"id":5756,"date":"2018-10-17T17:37:59","date_gmt":"2018-10-17T15:37:59","guid":{"rendered":"https:\/\/www.kco.fr\/?p=5756"},"modified":"2019-04-09T11:16:12","modified_gmt":"2019-04-09T09:16:12","slug":"kco-au-forum-national-des-associations-fondations","status":"publish","type":"post","link":"https:\/\/www.kco.fr\/fr\/kco-au-forum-national-des-associations-fondations\/","title":{"rendered":"KCO au Forum National des Associations &#038; Fondations"},"content":{"rendered":"","protected":false},"excerpt":{"rendered":"","protected":false},"author":1,"featured_media":0,"comment_status":"closed","ping_status":"closed","sticky":false,"template":"","format":"standard","meta":{"_acf_changed":false,"footnotes":""},"categories":[18,12,15,1,32,29,28,7,31,3],"tags":[],"class_list":["post-5756","post","type-post","status-publish","format-standard","hentry","category-awards","category-evenements","category-events","category-non-classifiee","category-opinion-piece","category-press","category-presse","category-recompenses","category-tribune","category-uncategorized"],"acf":[],"yoast_head":"<!-- This site is optimized with the Yoast SEO plugin v27.5 - https:\/\/yoast.com\/product\/yoast-seo-wordpress\/ -->\n<title>KCO au Forum National des Associations &amp; Fondations | KCO<\/title>\n<meta name=\"robots\" content=\"index, follow, max-snippet:-1, max-image-preview:large, max-video-preview:-1\" \/>\n<link rel=\"canonical\" href=\"https:\/\/www.kco.fr\/fr\/kco-au-forum-national-des-associations-fondations\/\" \/>\n<meta property=\"og:locale\" content=\"fr_FR\" \/>\n<meta property=\"og:type\" content=\"article\" \/>\n<meta property=\"og:title\" content=\"KCO au Forum National des Associations &amp; Fondations | KCO\" \/>\n<meta property=\"og:url\" content=\"https:\/\/www.kco.fr\/fr\/kco-au-forum-national-des-associations-fondations\/\" \/>\n<meta property=\"og:site_name\" content=\"KCO\" \/>\n<meta property=\"article:published_time\" content=\"2018-10-17T15:37:59+00:00\" \/>\n<meta property=\"article:modified_time\" content=\"2019-04-09T09:16:12+00:00\" \/>\n<meta name=\"author\" content=\"cviale\" \/>\n<meta name=\"twitter:card\" content=\"summary_large_image\" \/>\n<meta name=\"twitter:label1\" content=\"\u00c9crit par\" \/>\n\t<meta name=\"twitter:data1\" content=\"cviale\" \/>\n<script type=\"application\/ld+json\" class=\"yoast-schema-graph\">{\"@context\":\"https:\\\/\\\/schema.org\",\"@graph\":[{\"@type\":\"Article\",\"@id\":\"https:\\\/\\\/www.kco.fr\\\/fr\\\/kco-au-forum-national-des-associations-fondations\\\/#article\",\"isPartOf\":{\"@id\":\"https:\\\/\\\/www.kco.fr\\\/fr\\\/kco-au-forum-national-des-associations-fondations\\\/\"},\"author\":{\"name\":\"cviale\",\"@id\":\"https:\\\/\\\/www.kco.fr\\\/fr\\\/#\\\/schema\\\/person\\\/e170c95d7415354575a4a4530d0aa75f\"},\"headline\":\"KCO au Forum National des Associations &#038; Fondations\",\"datePublished\":\"2018-10-17T15:37:59+00:00\",\"dateModified\":\"2019-04-09T09:16:12+00:00\",\"mainEntityOfPage\":{\"@id\":\"https:\\\/\\\/www.kco.fr\\\/fr\\\/kco-au-forum-national-des-associations-fondations\\\/\"},\"wordCount\":7,\"articleSection\":[\"Awards\",\"\u00c9v\u00e9nements\",\"Events\",\"Non classifi\u00e9(e)\",\"Opinion piece\",\"Press\",\"Presse\",\"R\u00e9compenses\",\"Tribune\",\"Uncategorized\"],\"inLanguage\":\"fr-FR\"},{\"@type\":\"WebPage\",\"@id\":\"https:\\\/\\\/www.kco.fr\\\/fr\\\/kco-au-forum-national-des-associations-fondations\\\/\",\"url\":\"https:\\\/\\\/www.kco.fr\\\/fr\\\/kco-au-forum-national-des-associations-fondations\\\/\",\"name\":\"KCO au Forum National des Associations & Fondations | KCO\",\"isPartOf\":{\"@id\":\"https:\\\/\\\/www.kco.fr\\\/fr\\\/#website\"},\"datePublished\":\"2018-10-17T15:37:59+00:00\",\"dateModified\":\"2019-04-09T09:16:12+00:00\",\"author\":{\"@id\":\"https:\\\/\\\/www.kco.fr\\\/fr\\\/#\\\/schema\\\/person\\\/e170c95d7415354575a4a4530d0aa75f\"},\"breadcrumb\":{\"@id\":\"https:\\\/\\\/www.kco.fr\\\/fr\\\/kco-au-forum-national-des-associations-fondations\\\/#breadcrumb\"},\"inLanguage\":\"fr-FR\",\"potentialAction\":[{\"@type\":\"ReadAction\",\"target\":[\"https:\\\/\\\/www.kco.fr\\\/fr\\\/kco-au-forum-national-des-associations-fondations\\\/\"]}]},{\"@type\":\"BreadcrumbList\",\"@id\":\"https:\\\/\\\/www.kco.fr\\\/fr\\\/kco-au-forum-national-des-associations-fondations\\\/#breadcrumb\",\"itemListElement\":[{\"@type\":\"ListItem\",\"position\":1,\"name\":\"Accueil\",\"item\":\"https:\\\/\\\/www.kco.fr\\\/fr\\\/\"},{\"@type\":\"ListItem\",\"position\":2,\"name\":\"KCO au Forum National des Associations &#038; Fondations\"}]},{\"@type\":\"WebSite\",\"@id\":\"https:\\\/\\\/www.kco.fr\\\/fr\\\/#website\",\"url\":\"https:\\\/\\\/www.kco.fr\\\/fr\\\/\",\"name\":\"KCO\",\"description\":\"COMMUNITY EVENT SINCE 2005\",\"potentialAction\":[{\"@type\":\"SearchAction\",\"target\":{\"@type\":\"EntryPoint\",\"urlTemplate\":\"https:\\\/\\\/www.kco.fr\\\/fr\\\/?s={search_term_string}\"},\"query-input\":{\"@type\":\"PropertyValueSpecification\",\"valueRequired\":true,\"valueName\":\"search_term_string\"}}],\"inLanguage\":\"fr-FR\"},{\"@type\":\"Person\",\"@id\":\"https:\\\/\\\/www.kco.fr\\\/fr\\\/#\\\/schema\\\/person\\\/e170c95d7415354575a4a4530d0aa75f\",\"name\":\"cviale\",\"image\":{\"@type\":\"ImageObject\",\"inLanguage\":\"fr-FR\",\"@id\":\"https:\\\/\\\/secure.gravatar.com\\\/avatar\\\/fea8ad5373d1346f07f1290248039d2d36a00fcbe6fd186a8e7cd1f98f29df02?s=96&d=mm&r=g\",\"url\":\"https:\\\/\\\/secure.gravatar.com\\\/avatar\\\/fea8ad5373d1346f07f1290248039d2d36a00fcbe6fd186a8e7cd1f98f29df02?s=96&d=mm&r=g\",\"contentUrl\":\"https:\\\/\\\/secure.gravatar.com\\\/avatar\\\/fea8ad5373d1346f07f1290248039d2d36a00fcbe6fd186a8e7cd1f98f29df02?s=96&d=mm&r=g\",\"caption\":\"cviale\"},\"url\":\"https:\\\/\\\/www.kco.fr\\\/fr\\\/author\\\/admin\\\/\"}]}<\/script>\n<!-- \/ Yoast SEO plugin. -->","yoast_head_json":{"title":"KCO au Forum National des Associations & Fondations | KCO","robots":{"index":"index","follow":"follow","max-snippet":"max-snippet:-1","max-image-preview":"max-image-preview:large","max-video-preview":"max-video-preview:-1"},"canonical":"https:\/\/www.kco.fr\/fr\/kco-au-forum-national-des-associations-fondations\/","og_locale":"fr_FR","og_type":"article","og_title":"KCO au Forum National des Associations & Fondations | KCO","og_url":"https:\/\/www.kco.fr\/fr\/kco-au-forum-national-des-associations-fondations\/","og_site_name":"KCO","article_published_time":"2018-10-17T15:37:59+00:00","article_modified_time":"2019-04-09T09:16:12+00:00","author":"cviale","twitter_card":"summary_large_image","twitter_misc":{"\u00c9crit par":"cviale"},"schema":{"@context":"https:\/\/schema.org","@graph":[{"@type":"Article","@id":"https:\/\/www.kco.fr\/fr\/kco-au-forum-national-des-associations-fondations\/#article","isPartOf":{"@id":"https:\/\/www.kco.fr\/fr\/kco-au-forum-national-des-associations-fondations\/"},"author":{"name":"cviale","@id":"https:\/\/www.kco.fr\/fr\/#\/schema\/person\/e170c95d7415354575a4a4530d0aa75f"},"headline":"KCO au Forum National des Associations &#038; Fondations","datePublished":"2018-10-17T15:37:59+00:00","dateModified":"2019-04-09T09:16:12+00:00","mainEntityOfPage":{"@id":"https:\/\/www.kco.fr\/fr\/kco-au-forum-national-des-associations-fondations\/"},"wordCount":7,"articleSection":["Awards","\u00c9v\u00e9nements","Events","Non classifi\u00e9(e)","Opinion piece","Press","Presse","R\u00e9compenses","Tribune","Uncategorized"],"inLanguage":"fr-FR"},{"@type":"WebPage","@id":"https:\/\/www.kco.fr\/fr\/kco-au-forum-national-des-associations-fondations\/","url":"https:\/\/www.kco.fr\/fr\/kco-au-forum-national-des-associations-fondations\/","name":"KCO au Forum National des Associations & Fondations | KCO","isPartOf":{"@id":"https:\/\/www.kco.fr\/fr\/#website"},"datePublished":"2018-10-17T15:37:59+00:00","dateModified":"2019-04-09T09:16:12+00:00","author":{"@id":"https:\/\/www.kco.fr\/fr\/#\/schema\/person\/e170c95d7415354575a4a4530d0aa75f"},"breadcrumb":{"@id":"https:\/\/www.kco.fr\/fr\/kco-au-forum-national-des-associations-fondations\/#breadcrumb"},"inLanguage":"fr-FR","potentialAction":[{"@type":"ReadAction","target":["https:\/\/www.kco.fr\/fr\/kco-au-forum-national-des-associations-fondations\/"]}]},{"@type":"BreadcrumbList","@id":"https:\/\/www.kco.fr\/fr\/kco-au-forum-national-des-associations-fondations\/#breadcrumb","itemListElement":[{"@type":"ListItem","position":1,"name":"Accueil","item":"https:\/\/www.kco.fr\/fr\/"},{"@type":"ListItem","position":2,"name":"KCO au Forum National des Associations &#038; Fondations"}]},{"@type":"WebSite","@id":"https:\/\/www.kco.fr\/fr\/#website","url":"https:\/\/www.kco.fr\/fr\/","name":"KCO","description":"COMMUNITY EVENT SINCE 2005","potentialAction":[{"@type":"SearchAction","target":{"@type":"EntryPoint","urlTemplate":"https:\/\/www.kco.fr\/fr\/?s={search_term_string}"},"query-input":{"@type":"PropertyValueSpecification","valueRequired":true,"valueName":"search_term_string"}}],"inLanguage":"fr-FR"},{"@type":"Person","@id":"https:\/\/www.kco.fr\/fr\/#\/schema\/person\/e170c95d7415354575a4a4530d0aa75f","name":"cviale","image":{"@type":"ImageObject","inLanguage":"fr-FR","@id":"https:\/\/secure.gravatar.com\/avatar\/fea8ad5373d1346f07f1290248039d2d36a00fcbe6fd186a8e7cd1f98f29df02?s=96&d=mm&r=g","url":"https:\/\/secure.gravatar.com\/avatar\/fea8ad5373d1346f07f1290248039d2d36a00fcbe6fd186a8e7cd1f98f29df02?s=96&d=mm&r=g","contentUrl":"https:\/\/secure.gravatar.com\/avatar\/fea8ad5373d1346f07f1290248039d2d36a00fcbe6fd186a8e7cd1f98f29df02?s=96&d=mm&r=g","caption":"cviale"},"url":"https:\/\/www.kco.fr\/fr\/author\/admin\/"}]}},"_links":{"self":[{"href":"https:\/\/www.kco.fr\/fr\/wp-json\/wp\/v2\/posts\/5756","targetHints":{"allow":["GET"]}}],"collection":[{"href":"https:\/\/www.kco.fr\/fr\/wp-json\/wp\/v2\/posts"}],"about":[{"href":"https:\/\/www.kco.fr\/fr\/wp-json\/wp\/v2\/types\/post"}],"author":[{"embeddable":true,"href":"https:\/\/www.kco.fr\/fr\/wp-json\/wp\/v2\/users\/1"}],"replies":[{"embeddable":true,"href":"https:\/\/www.kco.fr\/fr\/wp-json\/wp\/v2\/comments?post=5756"}],"version-history":[{"count":1,"href":"https:\/\/www.kco.fr\/fr\/wp-json\/wp\/v2\/posts\/5756\/revisions"}],"predecessor-version":[{"id":5758,"href":"https:\/\/www.kco.fr\/fr\/wp-json\/wp\/v2\/posts\/5756\/revisions\/5758"}],"wp:attachment":[{"href":"https:\/\/www.kco.fr\/fr\/wp-json\/wp\/v2\/media?parent=5756"}],"wp:term":[{"taxonomy":"category","embeddable":true,"href":"https:\/\/www.kco.fr\/fr\/wp-json\/wp\/v2\/categories?post=5756"},{"taxonomy":"post_tag","embeddable":true,"href":"https:\/\/www.kco.fr\/fr\/wp-json\/wp\/v2\/tags?post=5756"}],"curies":[{"name":"wp","href":"https:\/\/api.w.org\/{rel}","templated":true}]}}